{"id":7364,"date":"2025-03-25T15:12:41","date_gmt":"2025-03-25T14:12:41","guid":{"rendered":"https:\/\/www.feriebyenscamping.dk\/?p=7364"},"modified":"2026-02-26T12:06:51","modified_gmt":"2026-02-26T11:06:51","slug":"fruehstuecks-buffet-im-sommer","status":"publish","type":"post","link":"https:\/\/www.feriebyenscamping.dk\/de\/fruehstuecks-buffet-im-sommer\/","title":{"rendered":"Fr\u00fchst\u00fccks-Buffet im Sommer"},"content":{"rendered":"\t\t<div data-elementor-type=\"wp-post\" data-elementor-id=\"7364\" class=\"elementor elementor-7364 elementor-7264\" data-elementor-post-type=\"post\">\n\t\t\t\t\t\t<section data-particle_enable=\"false\" data-particle-mobile-disabled=\"false\" class=\"elementor-section elementor-top-section elementor-element elementor-element-41fc4c90 elementor-section-boxed elementor-section-height-default elementor-section-height-default\" data-id=\"41fc4c90\" data-element_type=\"section\" data-e-type=\"section\">\n\t\t\t\t\t\t<div class=\"elementor-container elementor-column-gap-default\">\n\t\t\t\t\t<div class=\"elementor-column elementor-col-100 elementor-top-column elementor-element elementor-element-1162909e\" data-id=\"1162909e\" data-element_type=\"column\" data-e-type=\"column\">\n\t\t\t<div class=\"elementor-widget-wrap elementor-element-populated\">\n\t\t\t\t\t\t<div class=\"elementor-element elementor-element-1ce00814 elementor-widget elementor-widget-text-editor\" data-id=\"1ce00814\" data-element_type=\"widget\" data-e-type=\"widget\" data-widget_type=\"text-editor.default\">\n\t\t\t\t<div class=\"elementor-widget-container\">\n\t\t\t\t\t\t\t\t\t<h2><strong>Fr\u00fchst\u00fccksbuffet t\u00e4glich vom 22. Juni bis Ende August.<\/strong><span style=\"font-family: 'Titillium Web', sans-serif; font-size: 19px;\">&nbsp;<\/span><\/h2>\n<p>Das Fr\u00fchst\u00fccksbuffet besteht aus verschiedenen Brotsorten und Br\u00f6tchen, Fr\u00fchst\u00fcckscerealien, Joghurt, weich gekochten Eiern, verschiedenen Aufschnittsorten, Mehreren K\u00e4sesorten, Marmelade, Nutella, Plundergeb\u00e4ck, Obst, Kaffee, tee, Milch und Saft,&nbsp;<\/p>\n<p>Das Buffet wird im R\u00f8dvig Feriendorf serviert -nur wenige Gehminuten vom Campingplatz entfernt.<\/p>\n<h3><b>Preise:<br><\/b><span style=\"font-family: 'Titillium Web', sans-serif; font-size: 19px;\">Erwachsene: 90 DKK<br><\/span><span style=\"font-family: 'Titillium Web', sans-serif; font-size: 19px;\">Kinder (3-12 Jahre): 45 DKK<\/span><\/h3>\n<p><img fetchpriority=\"high\" decoding=\"async\" src=\"https:\/\/www.feriebyenscamping.dk\/wp-content\/uploads\/2025\/03\/Roedvig-Ferieby-Morgenmad.jpg\" alt=\"\" width=\"2000\" height=\"1253\"><\/p>\t\t\t\t\t\t\t\t<\/div>\n\t\t\t\t<\/div>\n\t\t\t\t\t<\/div>\n\t\t<\/div>\n\t\t\t\t\t<\/div>\n\t\t<\/section>\n\t\t\t\t<\/div>\n\t\t","protected":false},"excerpt":{"rendered":"<p>Fr\u00fchst\u00fccksbuffet t\u00e4glich vom 22. Juni bis Ende August.&nbsp; Das Fr\u00fchst\u00fccksbuffet besteht aus verschiedenen Brotsorten und Br\u00f6tchen, Fr\u00fchst\u00fcckscerealien, Joghurt, weich gekochten Eiern, verschiedenen Aufschnittsorten, Mehreren K\u00e4sesorten, Marmelade, Nutella, Plundergeb\u00e4ck, Obst, Kaffee, tee, Milch und Saft,&nbsp; Das Buffet wird im R\u00f8dvig Feriendorf serviert -nur wenige Gehminuten vom Campingplatz entfernt. Preise:Erwachsene: 90 DKKKinder (3-12 Jahre): 45 DKK<\/p>\n","protected":false},"author":1,"featured_media":7273,"comment_status":"closed","ping_status":"closed","sticky":false,"template":"","format":"standard","meta":{"footnotes":""},"categories":[24],"tags":[],"class_list":["post-7364","post","type-post","status-publish","format-standard","has-post-thumbnail","hentry","category-angebote"],"yoast_head":"<!-- This site is optimized with the Yoast SEO plugin v27.5 - https:\/\/yoast.com\/product\/yoast-seo-wordpress\/ -->\n<title>Im Sommer bieten wir Ihnen ein leckeres Fr\u00fchst\u00fccks-Buffet an<\/title>\n<meta name=\"description\" content=\"Im Sommer bieten wir Ihnen ein leckeres Fr\u00fchst\u00fccks-Buffet an. Dieses Angebot besteht zwischen dem 23. Juni und Ende August.\" \/>\n<meta name=\"robots\" content=\"index, follow, max-snippet:-1, max-image-preview:large, max-video-preview:-1\" \/>\n<link rel=\"canonical\" href=\"https:\/\/www.feriebyenscamping.dk\/de\/fruehstuecks-buffet-im-sommer\/\" \/>\n<meta property=\"og:locale\" content=\"de_DE\" \/>\n<meta property=\"og:type\" content=\"article\" \/>\n<meta property=\"og:title\" content=\"Im Sommer bieten wir Ihnen ein leckeres Fr\u00fchst\u00fccks-Buffet an\" \/>\n<meta property=\"og:description\" content=\"Im Sommer bieten wir Ihnen ein leckeres Fr\u00fchst\u00fccks-Buffet an. Dieses Angebot besteht zwischen dem 23. Juni und Ende August.\" \/>\n<meta property=\"og:url\" content=\"https:\/\/www.feriebyenscamping.dk\/de\/fruehstuecks-buffet-im-sommer\/\" \/>\n<meta property=\"og:site_name\" content=\"Feriebyens Camping\" \/>\n<meta property=\"article:publisher\" content=\"https:\/\/www.facebook.com\/roedvigferieby\" \/>\n<meta property=\"article:published_time\" content=\"2025-03-25T14:12:41+00:00\" \/>\n<meta property=\"article:modified_time\" content=\"2026-02-26T11:06:51+00:00\" \/>\n<meta property=\"og:image\" content=\"https:\/\/www.feriebyenscamping.dk\/wp-content\/uploads\/2025\/03\/Roedvig-Ferieby-Morgenmad-1-scaled.jpg\" \/>\n\t<meta property=\"og:image:width\" content=\"1920\" \/>\n\t<meta property=\"og:image:height\" content=\"2560\" \/>\n\t<meta property=\"og:image:type\" content=\"image\/jpeg\" \/>\n<meta name=\"author\" content=\"Feriebyens Camping\" \/>\n<meta name=\"twitter:card\" content=\"summary_large_image\" \/>\n<meta name=\"twitter:label1\" content=\"Verfasst von\" \/>\n\t<meta name=\"twitter:data1\" content=\"Feriebyens Camping\" \/>\n\t<meta name=\"twitter:label2\" content=\"Gesch\u00e4tzte Lesezeit\" \/>\n\t<meta name=\"twitter:data2\" content=\"1\u00a0Minute\" \/>\n<script type=\"application\/ld+json\" class=\"yoast-schema-graph\">{\"@context\":\"https:\\\/\\\/schema.org\",\"@graph\":[{\"@type\":\"Article\",\"@id\":\"https:\\\/\\\/www.feriebyenscamping.dk\\\/de\\\/fruehstuecks-buffet-im-sommer\\\/#article\",\"isPartOf\":{\"@id\":\"https:\\\/\\\/www.feriebyenscamping.dk\\\/de\\\/fruehstuecks-buffet-im-sommer\\\/\"},\"author\":{\"name\":\"Feriebyens Camping\",\"@id\":\"https:\\\/\\\/www.feriebyenscamping.dk\\\/de\\\/#\\\/schema\\\/person\\\/5109780b6f1fa19efd02d6109d0e6e52\"},\"headline\":\"Fr\u00fchst\u00fccks-Buffet im Sommer\",\"datePublished\":\"2025-03-25T14:12:41+00:00\",\"dateModified\":\"2026-02-26T11:06:51+00:00\",\"mainEntityOfPage\":{\"@id\":\"https:\\\/\\\/www.feriebyenscamping.dk\\\/de\\\/fruehstuecks-buffet-im-sommer\\\/\"},\"wordCount\":70,\"publisher\":{\"@id\":\"https:\\\/\\\/www.feriebyenscamping.dk\\\/de\\\/#organization\"},\"image\":{\"@id\":\"https:\\\/\\\/www.feriebyenscamping.dk\\\/de\\\/fruehstuecks-buffet-im-sommer\\\/#primaryimage\"},\"thumbnailUrl\":\"https:\\\/\\\/www.feriebyenscamping.dk\\\/wp-content\\\/uploads\\\/2025\\\/03\\\/Roedvig-Ferieby-Morgenmad-1-scaled.jpg\",\"articleSection\":[\"Angebote\"],\"inLanguage\":\"de\"},{\"@type\":\"WebPage\",\"@id\":\"https:\\\/\\\/www.feriebyenscamping.dk\\\/de\\\/fruehstuecks-buffet-im-sommer\\\/\",\"url\":\"https:\\\/\\\/www.feriebyenscamping.dk\\\/de\\\/fruehstuecks-buffet-im-sommer\\\/\",\"name\":\"Im Sommer bieten wir Ihnen ein leckeres Fr\u00fchst\u00fccks-Buffet an\",\"isPartOf\":{\"@id\":\"https:\\\/\\\/www.feriebyenscamping.dk\\\/de\\\/#website\"},\"primaryImageOfPage\":{\"@id\":\"https:\\\/\\\/www.feriebyenscamping.dk\\\/de\\\/fruehstuecks-buffet-im-sommer\\\/#primaryimage\"},\"image\":{\"@id\":\"https:\\\/\\\/www.feriebyenscamping.dk\\\/de\\\/fruehstuecks-buffet-im-sommer\\\/#primaryimage\"},\"thumbnailUrl\":\"https:\\\/\\\/www.feriebyenscamping.dk\\\/wp-content\\\/uploads\\\/2025\\\/03\\\/Roedvig-Ferieby-Morgenmad-1-scaled.jpg\",\"datePublished\":\"2025-03-25T14:12:41+00:00\",\"dateModified\":\"2026-02-26T11:06:51+00:00\",\"description\":\"Im Sommer bieten wir Ihnen ein leckeres Fr\u00fchst\u00fccks-Buffet an. Dieses Angebot besteht zwischen dem 23. Juni und Ende August.\",\"breadcrumb\":{\"@id\":\"https:\\\/\\\/www.feriebyenscamping.dk\\\/de\\\/fruehstuecks-buffet-im-sommer\\\/#breadcrumb\"},\"inLanguage\":\"de\",\"potentialAction\":[{\"@type\":\"ReadAction\",\"target\":[\"https:\\\/\\\/www.feriebyenscamping.dk\\\/de\\\/fruehstuecks-buffet-im-sommer\\\/\"]}]},{\"@type\":\"ImageObject\",\"inLanguage\":\"de\",\"@id\":\"https:\\\/\\\/www.feriebyenscamping.dk\\\/de\\\/fruehstuecks-buffet-im-sommer\\\/#primaryimage\",\"url\":\"https:\\\/\\\/www.feriebyenscamping.dk\\\/wp-content\\\/uploads\\\/2025\\\/03\\\/Roedvig-Ferieby-Morgenmad-1-scaled.jpg\",\"contentUrl\":\"https:\\\/\\\/www.feriebyenscamping.dk\\\/wp-content\\\/uploads\\\/2025\\\/03\\\/Roedvig-Ferieby-Morgenmad-1-scaled.jpg\",\"width\":1920,\"height\":2560,\"caption\":\"Feriebyens Camping i R\u00f8dvig | Camping t\u00e6t p\u00e5 strand, skov og klint | Natursk\u00f8nne omgivelser og dyb ro\"},{\"@type\":\"BreadcrumbList\",\"@id\":\"https:\\\/\\\/www.feriebyenscamping.dk\\\/de\\\/fruehstuecks-buffet-im-sommer\\\/#breadcrumb\",\"itemListElement\":[{\"@type\":\"ListItem\",\"position\":1,\"name\":\"Hjem\",\"item\":\"https:\\\/\\\/www.feriebyenscamping.dk\\\/de\\\/\"},{\"@type\":\"ListItem\",\"position\":2,\"name\":\"Fr\u00fchst\u00fccks-Buffet im Sommer\"}]},{\"@type\":\"WebSite\",\"@id\":\"https:\\\/\\\/www.feriebyenscamping.dk\\\/de\\\/#website\",\"url\":\"https:\\\/\\\/www.feriebyenscamping.dk\\\/de\\\/\",\"name\":\"Feriebyens Camping\",\"description\":\"Camping i R\u00f8dvig I Stevns Klint\",\"publisher\":{\"@id\":\"https:\\\/\\\/www.feriebyenscamping.dk\\\/de\\\/#organization\"},\"potentialAction\":[{\"@type\":\"SearchAction\",\"target\":{\"@type\":\"EntryPoint\",\"urlTemplate\":\"https:\\\/\\\/www.feriebyenscamping.dk\\\/de\\\/?s={search_term_string}\"},\"query-input\":{\"@type\":\"PropertyValueSpecification\",\"valueRequired\":true,\"valueName\":\"search_term_string\"}}],\"inLanguage\":\"de\"},{\"@type\":\"Organization\",\"@id\":\"https:\\\/\\\/www.feriebyenscamping.dk\\\/de\\\/#organization\",\"name\":\"Feriebyens Camping\",\"url\":\"https:\\\/\\\/www.feriebyenscamping.dk\\\/de\\\/\",\"logo\":{\"@type\":\"ImageObject\",\"inLanguage\":\"de\",\"@id\":\"https:\\\/\\\/www.feriebyenscamping.dk\\\/de\\\/#\\\/schema\\\/logo\\\/image\\\/\",\"url\":\"https:\\\/\\\/www.feriebyenscamping.dk\\\/wp-content\\\/uploads\\\/2022\\\/11\\\/RF-LOGO.png\",\"contentUrl\":\"https:\\\/\\\/www.feriebyenscamping.dk\\\/wp-content\\\/uploads\\\/2022\\\/11\\\/RF-LOGO.png\",\"width\":700,\"height\":250,\"caption\":\"Feriebyens Camping\"},\"image\":{\"@id\":\"https:\\\/\\\/www.feriebyenscamping.dk\\\/de\\\/#\\\/schema\\\/logo\\\/image\\\/\"},\"sameAs\":[\"https:\\\/\\\/www.facebook.com\\\/roedvigferieby\",\"https:\\\/\\\/www.instagram.com\\\/roedvigferieby\\\/\"]},{\"@type\":\"Person\",\"@id\":\"https:\\\/\\\/www.feriebyenscamping.dk\\\/de\\\/#\\\/schema\\\/person\\\/5109780b6f1fa19efd02d6109d0e6e52\",\"name\":\"Feriebyens Camping\",\"image\":{\"@type\":\"ImageObject\",\"inLanguage\":\"de\",\"@id\":\"https:\\\/\\\/secure.gravatar.com\\\/avatar\\\/140b91dcd04d453d3dafc3fccc9a20cef7488821a3f2b8695f22002f9f624383?s=96&d=mm&r=g\",\"url\":\"https:\\\/\\\/secure.gravatar.com\\\/avatar\\\/140b91dcd04d453d3dafc3fccc9a20cef7488821a3f2b8695f22002f9f624383?s=96&d=mm&r=g\",\"contentUrl\":\"https:\\\/\\\/secure.gravatar.com\\\/avatar\\\/140b91dcd04d453d3dafc3fccc9a20cef7488821a3f2b8695f22002f9f624383?s=96&d=mm&r=g\",\"caption\":\"Feriebyens Camping\"},\"url\":\"https:\\\/\\\/www.feriebyenscamping.dk\\\/de\\\/author\\\/millemanou234\\\/\"}]}<\/script>\n<!-- \/ Yoast SEO plugin. -->","yoast_head_json":{"title":"Im Sommer bieten wir Ihnen ein leckeres Fr\u00fchst\u00fccks-Buffet an","description":"Im Sommer bieten wir Ihnen ein leckeres Fr\u00fchst\u00fccks-Buffet an. Dieses Angebot besteht zwischen dem 23. Juni und Ende August.","robots":{"index":"index","follow":"follow","max-snippet":"max-snippet:-1","max-image-preview":"max-image-preview:large","max-video-preview":"max-video-preview:-1"},"canonical":"https:\/\/www.feriebyenscamping.dk\/de\/fruehstuecks-buffet-im-sommer\/","og_locale":"de_DE","og_type":"article","og_title":"Im Sommer bieten wir Ihnen ein leckeres Fr\u00fchst\u00fccks-Buffet an","og_description":"Im Sommer bieten wir Ihnen ein leckeres Fr\u00fchst\u00fccks-Buffet an. Dieses Angebot besteht zwischen dem 23. Juni und Ende August.","og_url":"https:\/\/www.feriebyenscamping.dk\/de\/fruehstuecks-buffet-im-sommer\/","og_site_name":"Feriebyens Camping","article_publisher":"https:\/\/www.facebook.com\/roedvigferieby","article_published_time":"2025-03-25T14:12:41+00:00","article_modified_time":"2026-02-26T11:06:51+00:00","og_image":[{"width":1920,"height":2560,"url":"https:\/\/www.feriebyenscamping.dk\/wp-content\/uploads\/2025\/03\/Roedvig-Ferieby-Morgenmad-1-scaled.jpg","type":"image\/jpeg"}],"author":"Feriebyens Camping","twitter_card":"summary_large_image","twitter_misc":{"Verfasst von":"Feriebyens Camping","Gesch\u00e4tzte Lesezeit":"1\u00a0Minute"},"schema":{"@context":"https:\/\/schema.org","@graph":[{"@type":"Article","@id":"https:\/\/www.feriebyenscamping.dk\/de\/fruehstuecks-buffet-im-sommer\/#article","isPartOf":{"@id":"https:\/\/www.feriebyenscamping.dk\/de\/fruehstuecks-buffet-im-sommer\/"},"author":{"name":"Feriebyens Camping","@id":"https:\/\/www.feriebyenscamping.dk\/de\/#\/schema\/person\/5109780b6f1fa19efd02d6109d0e6e52"},"headline":"Fr\u00fchst\u00fccks-Buffet im Sommer","datePublished":"2025-03-25T14:12:41+00:00","dateModified":"2026-02-26T11:06:51+00:00","mainEntityOfPage":{"@id":"https:\/\/www.feriebyenscamping.dk\/de\/fruehstuecks-buffet-im-sommer\/"},"wordCount":70,"publisher":{"@id":"https:\/\/www.feriebyenscamping.dk\/de\/#organization"},"image":{"@id":"https:\/\/www.feriebyenscamping.dk\/de\/fruehstuecks-buffet-im-sommer\/#primaryimage"},"thumbnailUrl":"https:\/\/www.feriebyenscamping.dk\/wp-content\/uploads\/2025\/03\/Roedvig-Ferieby-Morgenmad-1-scaled.jpg","articleSection":["Angebote"],"inLanguage":"de"},{"@type":"WebPage","@id":"https:\/\/www.feriebyenscamping.dk\/de\/fruehstuecks-buffet-im-sommer\/","url":"https:\/\/www.feriebyenscamping.dk\/de\/fruehstuecks-buffet-im-sommer\/","name":"Im Sommer bieten wir Ihnen ein leckeres Fr\u00fchst\u00fccks-Buffet an","isPartOf":{"@id":"https:\/\/www.feriebyenscamping.dk\/de\/#website"},"primaryImageOfPage":{"@id":"https:\/\/www.feriebyenscamping.dk\/de\/fruehstuecks-buffet-im-sommer\/#primaryimage"},"image":{"@id":"https:\/\/www.feriebyenscamping.dk\/de\/fruehstuecks-buffet-im-sommer\/#primaryimage"},"thumbnailUrl":"https:\/\/www.feriebyenscamping.dk\/wp-content\/uploads\/2025\/03\/Roedvig-Ferieby-Morgenmad-1-scaled.jpg","datePublished":"2025-03-25T14:12:41+00:00","dateModified":"2026-02-26T11:06:51+00:00","description":"Im Sommer bieten wir Ihnen ein leckeres Fr\u00fchst\u00fccks-Buffet an. Dieses Angebot besteht zwischen dem 23. Juni und Ende August.","breadcrumb":{"@id":"https:\/\/www.feriebyenscamping.dk\/de\/fruehstuecks-buffet-im-sommer\/#breadcrumb"},"inLanguage":"de","potentialAction":[{"@type":"ReadAction","target":["https:\/\/www.feriebyenscamping.dk\/de\/fruehstuecks-buffet-im-sommer\/"]}]},{"@type":"ImageObject","inLanguage":"de","@id":"https:\/\/www.feriebyenscamping.dk\/de\/fruehstuecks-buffet-im-sommer\/#primaryimage","url":"https:\/\/www.feriebyenscamping.dk\/wp-content\/uploads\/2025\/03\/Roedvig-Ferieby-Morgenmad-1-scaled.jpg","contentUrl":"https:\/\/www.feriebyenscamping.dk\/wp-content\/uploads\/2025\/03\/Roedvig-Ferieby-Morgenmad-1-scaled.jpg","width":1920,"height":2560,"caption":"Feriebyens Camping i R\u00f8dvig | Camping t\u00e6t p\u00e5 strand, skov og klint | Natursk\u00f8nne omgivelser og dyb ro"},{"@type":"BreadcrumbList","@id":"https:\/\/www.feriebyenscamping.dk\/de\/fruehstuecks-buffet-im-sommer\/#breadcrumb","itemListElement":[{"@type":"ListItem","position":1,"name":"Hjem","item":"https:\/\/www.feriebyenscamping.dk\/de\/"},{"@type":"ListItem","position":2,"name":"Fr\u00fchst\u00fccks-Buffet im Sommer"}]},{"@type":"WebSite","@id":"https:\/\/www.feriebyenscamping.dk\/de\/#website","url":"https:\/\/www.feriebyenscamping.dk\/de\/","name":"Feriebyens Camping","description":"Camping i R\u00f8dvig I Stevns Klint","publisher":{"@id":"https:\/\/www.feriebyenscamping.dk\/de\/#organization"},"potentialAction":[{"@type":"SearchAction","target":{"@type":"EntryPoint","urlTemplate":"https:\/\/www.feriebyenscamping.dk\/de\/?s={search_term_string}"},"query-input":{"@type":"PropertyValueSpecification","valueRequired":true,"valueName":"search_term_string"}}],"inLanguage":"de"},{"@type":"Organization","@id":"https:\/\/www.feriebyenscamping.dk\/de\/#organization","name":"Feriebyens Camping","url":"https:\/\/www.feriebyenscamping.dk\/de\/","logo":{"@type":"ImageObject","inLanguage":"de","@id":"https:\/\/www.feriebyenscamping.dk\/de\/#\/schema\/logo\/image\/","url":"https:\/\/www.feriebyenscamping.dk\/wp-content\/uploads\/2022\/11\/RF-LOGO.png","contentUrl":"https:\/\/www.feriebyenscamping.dk\/wp-content\/uploads\/2022\/11\/RF-LOGO.png","width":700,"height":250,"caption":"Feriebyens Camping"},"image":{"@id":"https:\/\/www.feriebyenscamping.dk\/de\/#\/schema\/logo\/image\/"},"sameAs":["https:\/\/www.facebook.com\/roedvigferieby","https:\/\/www.instagram.com\/roedvigferieby\/"]},{"@type":"Person","@id":"https:\/\/www.feriebyenscamping.dk\/de\/#\/schema\/person\/5109780b6f1fa19efd02d6109d0e6e52","name":"Feriebyens Camping","image":{"@type":"ImageObject","inLanguage":"de","@id":"https:\/\/secure.gravatar.com\/avatar\/140b91dcd04d453d3dafc3fccc9a20cef7488821a3f2b8695f22002f9f624383?s=96&d=mm&r=g","url":"https:\/\/secure.gravatar.com\/avatar\/140b91dcd04d453d3dafc3fccc9a20cef7488821a3f2b8695f22002f9f624383?s=96&d=mm&r=g","contentUrl":"https:\/\/secure.gravatar.com\/avatar\/140b91dcd04d453d3dafc3fccc9a20cef7488821a3f2b8695f22002f9f624383?s=96&d=mm&r=g","caption":"Feriebyens Camping"},"url":"https:\/\/www.feriebyenscamping.dk\/de\/author\/millemanou234\/"}]}},"_links":{"self":[{"href":"https:\/\/www.feriebyenscamping.dk\/de\/wp-json\/wp\/v2\/posts\/7364","targetHints":{"allow":["GET"]}}],"collection":[{"href":"https:\/\/www.feriebyenscamping.dk\/de\/wp-json\/wp\/v2\/posts"}],"about":[{"href":"https:\/\/www.feriebyenscamping.dk\/de\/wp-json\/wp\/v2\/types\/post"}],"author":[{"embeddable":true,"href":"https:\/\/www.feriebyenscamping.dk\/de\/wp-json\/wp\/v2\/users\/1"}],"replies":[{"embeddable":true,"href":"https:\/\/www.feriebyenscamping.dk\/de\/wp-json\/wp\/v2\/comments?post=7364"}],"version-history":[{"count":10,"href":"https:\/\/www.feriebyenscamping.dk\/de\/wp-json\/wp\/v2\/posts\/7364\/revisions"}],"predecessor-version":[{"id":7881,"href":"https:\/\/www.feriebyenscamping.dk\/de\/wp-json\/wp\/v2\/posts\/7364\/revisions\/7881"}],"wp:featuredmedia":[{"embeddable":true,"href":"https:\/\/www.feriebyenscamping.dk\/de\/wp-json\/wp\/v2\/media\/7273"}],"wp:attachment":[{"href":"https:\/\/www.feriebyenscamping.dk\/de\/wp-json\/wp\/v2\/media?parent=7364"}],"wp:term":[{"taxonomy":"category","embeddable":true,"href":"https:\/\/www.feriebyenscamping.dk\/de\/wp-json\/wp\/v2\/categories?post=7364"},{"taxonomy":"post_tag","embeddable":true,"href":"https:\/\/www.feriebyenscamping.dk\/de\/wp-json\/wp\/v2\/tags?post=7364"}],"curies":[{"name":"wp","href":"https:\/\/api.w.org\/{rel}","templated":true}]}}